{"id":25,"date":"2014-05-03T14:00:02","date_gmt":"2014-05-03T12:00:02","guid":{"rendered":"http:\/\/www.berndackermann.de\/kunstverein_schwetzingen\/wp\/?p=25"},"modified":"2015-03-12T00:28:18","modified_gmt":"2015-03-11T22:28:18","slug":"stefan-rohrer","status":"publish","type":"post","link":"https:\/\/kunstverein-schwetzingen.de\/?p=25","title":{"rendered":"Stefan Rohrer"},"content":{"rendered":"<p style=\"padding-left: 60px;\">Schleudertrauma<\/p>\n<p style=\"padding-left: 60px;\">3. &#8211; 29. Mai 2014 in der Orangerie Schloss Schwetzingen<\/p>\n<p>[metaslider id=76]<\/p>\n<p>Mit dem in Stuttgart lebenden Stefan Rohrer (*1968) zeigt der Kunstverein in seiner gro\u00dfen Fr\u00fchjahrs-Ausstellung einen Bildhauer der j\u00fcngeren Generation. 2013 geh\u00f6rte seine Schau auf der Art Karlsruhe zu einem absoluten Blickfang der gesamten Messe. Sein Thema sind Automobile auf zwei oder vier R\u00e4dern, die er wie Gummi in die L\u00e4nge zieht. Wie rasende Objekte scheinen sie an dem etwas langsamen Auge des Betrachters vorbei zu schie\u00dfen. Schon die Futuristen der 1920er Jahre haben so Bewegung dargestellt. Doch Roher geht noch weiter und inszeniert seine automobilen Geschosse als surreale und zum Teil sehr explosive Verkehrsunf\u00e4lle. Die Ausstellung ist eine Kooperation mit der Galerie Scheffel in Bad Homburg und dem Museum Pfalzgalerie Kaiserslautern. Es erscheint ein Katalog am Ende der Ausstellung.<\/p>\n<p><strong>Schleudertrauma<\/strong><\/p>\n<p>Wie jedes Jahr inszeniert der Kunstverein Schwetzingen seine gro\u00dfe Sommerausstellung in der Orangerie Schloss Schwetzingen am Rande der SWR-Festspiele. Erneut ist es gelungen, einen gro\u00dfartigen K\u00fcnstler nach Schwetzingen einzuladen, den Stuttgarter Bildhauer Stefan Rohrer.<br \/>\n1968 in G\u00f6ppingen geboren, lie\u00df er sich zum Steinmetzmeister ausbilden und studierte Bildhauerei an der Kunsthochschule Burg Giebichenstein in Halle und an der Akademie der Bildenden K\u00fcnste Stuttgart bei Prof. Werner Pokorny und Prof. Micha Ullman. In der Region wurde er bekannt durch sein Stipendium im Kommandantenhaus Dilsberg 2009.<\/p>\n<p>Mittlerweile geh\u00f6rt Stefan Rohrer zu den interessantesten j\u00fcngeren Bildhauern der Szene. Vertreten durch die erstklassische Galerie Scheffel (Bad Homburg) geh\u00f6rten seine Arbeiten zu den spektakul\u00e4rsten Eyecatchern der &#8218;art Karlsruhe&#8216; 2013. In Schwetzingen wird er den riesigen Raum der Orangerie wie auch einen kleinen Teil des wunderbaren Rokokoparks mit seinen transformierten Automobilen f\u00fcllen. Dazu geh\u00f6rt ein froschgr\u00fcner Mini-Cooper auf drei R\u00e4dern, der lieber eine Blume sein m\u00f6chte und so sehr beziehungsreich in das Ambiente der Orangerie passt, die ja nachwievor als Winterquartier exotischer Pflanzen fungiert.<\/p>\n<p>Ein anderes Auto hat keine solchen Morgenbl\u00fctentr\u00e4ume und pr\u00e4sentiert sich eher als technoide Phantasie. Es wird sich mit seiner extrem in die L\u00e4nge gezogenen Karosserie \u00fcber 10 Meter durch die Halle ziehen. Diese Stretchlimousine ist immer noch ein Auto, das freilich von keinem deutschen T\u00dcV eine Zulassung bek\u00e4me. Es ist zum Kunstwerke mutiert, das &#8211; wie einst im Futurismus der 1920er Jahre &#8211; Bewegung und Zeit in einem Moment festh\u00e4lt. Wie auf der \u00dcberholspur einer Autobahn zischt es aus einem toten Winkel am Betrachter vorbei und steht dennoch als massive Blechplastik fest auf dem Boden der Realit\u00e4t.<\/p>\n<p>Irritierend sind auch die zweir\u00e4drigen Objekte des Stefan Rohrer, die alle wie aus Gummi erscheinen oder von einem digitalen Bildbearbeitungsprogramm gestretcht. Und doch stellen sie sehr aufwendige Schwei\u00df- und Lackierarbeiten dar. So erscheinen Rohrers Motorroller wie um einen Laternenpfahl gewickelt. Das mag als eine geniale weil absolut sichere Wegfahrsperre erscheinen oder aber an einen tragischen Verkehrsunfall mit Schleudertrauma erinnern. Auf jeden Fall sind diese Objekte absurd und erfreuen durch ihre anarchistische Phantasie in einer Welt, die wahrlich keinen Spa\u00df versteht. Hinzu kommen weitere Objekte und Videoarbeiten von Stefan Rohrer, die alle mit unserer Wahrnehmung spielen und allt\u00e4glichen Dingen eine subversive und surreale Metamorphose bereiten. Kuratoren: Dr. Dietmar Schuth und Christian Scheffel. Die Ausstellung wandert anschlie\u00dfend in die Pfalz-Galerie Kaiserslautern. Es erscheint ein Katalog. Bitte Parkeintritt l\u00f6sen, der Eintritt in die Ausstellung ist frei.<\/p>\n<p><a href=\"http:\/\/www.stefanrohrer.de\" target=\"_blank\">www.stefanrohrer.de<\/a><\/p>\n<p>&nbsp;<\/p>\n","protected":false},"excerpt":{"rendered":"<p>Schleudertrauma 3. &#8211; 29. Mai 2014 in der Orangerie Schloss Schwetzingen [metaslider id=76] Mit dem in Stuttgart lebenden Stefan Rohrer (*1968) zeigt der Kunstverein in seiner gro\u00dfen Fr\u00fchjahrs-Ausstellung einen Bildhauer der j\u00fcngeren Generation. 2013 geh\u00f6rte seine Schau auf der Art Karlsruhe zu einem absoluten Blickfang der gesamten Messe. Sein Thema sind Automobile auf zwei oder [&hellip;]<\/p>\n","protected":false},"author":2,"featured_media":124,"comment_status":"closed","ping_status":"closed","sticky":false,"template":"","format":"standard","meta":{"footnotes":""},"categories":[9],"tags":[24],"class_list":["post-25","post","type-post","status-publish","format-standard","has-post-thumbnail","hentry","category-rueckblick","tag-bildhauerei"],"_links":{"self":[{"href":"https:\/\/kunstverein-schwetzingen.de\/index.php?rest_route=\/wp\/v2\/posts\/25","targetHints":{"allow":["GET"]}}],"collection":[{"href":"https:\/\/kunstverein-schwetzingen.de\/index.php?rest_route=\/wp\/v2\/posts"}],"about":[{"href":"https:\/\/kunstverein-schwetzingen.de\/index.php?rest_route=\/wp\/v2\/types\/post"}],"author":[{"embeddable":true,"href":"https:\/\/kunstverein-schwetzingen.de\/index.php?rest_route=\/wp\/v2\/users\/2"}],"replies":[{"embeddable":true,"href":"https:\/\/kunstverein-schwetzingen.de\/index.php?rest_route=%2Fwp%2Fv2%2Fcomments&post=25"}],"version-history":[{"count":6,"href":"https:\/\/kunstverein-schwetzingen.de\/index.php?rest_route=\/wp\/v2\/posts\/25\/revisions"}],"predecessor-version":[{"id":432,"href":"https:\/\/kunstverein-schwetzingen.de\/index.php?rest_route=\/wp\/v2\/posts\/25\/revisions\/432"}],"wp:featuredmedia":[{"embeddable":true,"href":"https:\/\/kunstverein-schwetzingen.de\/index.php?rest_route=\/wp\/v2\/media\/124"}],"wp:attachment":[{"href":"https:\/\/kunstverein-schwetzingen.de\/index.php?rest_route=%2Fwp%2Fv2%2Fmedia&parent=25"}],"wp:term":[{"taxonomy":"category","embeddable":true,"href":"https:\/\/kunstverein-schwetzingen.de\/index.php?rest_route=%2Fwp%2Fv2%2Fcategories&post=25"},{"taxonomy":"post_tag","embeddable":true,"href":"https:\/\/kunstverein-schwetzingen.de\/index.php?rest_route=%2Fwp%2Fv2%2Ftags&post=25"}],"curies":[{"name":"wp","href":"https:\/\/api.w.org\/{rel}","templated":true}]}}