{"id":3007,"date":"2024-02-19T16:17:29","date_gmt":"2024-02-19T14:17:29","guid":{"rendered":"https:\/\/kunstverein-schwetzingen.de\/?p=3007"},"modified":"2024-05-22T22:51:32","modified_gmt":"2024-05-22T20:51:32","slug":"moderne-mannsbilder-300-jahre-kurfuerst-carl-theodor","status":"publish","type":"post","link":"https:\/\/kunstverein-schwetzingen.de\/?p=3007","title":{"rendered":"Herren heute &#8211; 300 Jahre Kurf\u00fcrst Carl-Theodor"},"content":{"rendered":"\n<p>Ausschreibung zur Ausstellung des Kunstvereins Schwetzingen in der Orangerie Schloss Schwetzingen<\/p>\n\n\n\n<p>7. Juni \u2013 7. Juli 2024<\/p>\n\n\n\n<p>In diesem Jahr w\u00fcrde Kurf\u00fcrst Carl-Theodor seinen 300. Geburtstag feiern. Obwohl er ein absolutistischer Herrscher war, gilt er als guter Regent und Landesherr, der 50 Jahre lang die Pfalz und Bayern regierte und sich aus allen Kriegen heraushielt. Unsterblich machten ihn seine Schl\u00f6sser,\u00a0 insbesondere seine Sommerresidenz in Schwetzingen. Er war ein Musenfreund und gro\u00dfer Kunstm\u00e4zen im Geiste der Aufkl\u00e4rung und verdient allein deshalb eine W\u00fcrdigung, die der Kunstverein Schwetzingen mit seiner Ausstellung anstrebt.<\/p>\n\n\n\n<p>Besch\u00e4ftigt man sich mit seinen Portr\u00e4ts, erkennt man eine stattliche Erscheinung im Prachtgewandt oder in gl\u00e4nzender R\u00fcstung, mit den Insignien der Macht wie auch Requisiten seiner musischen Interessen. Er war sicherlich keine Sch\u00f6nheit und wurde mit zunehmendem Alter mit Bauch und Doppelkinn dargestellt. Das freilich entsprach dem Sch\u00f6nheitsideal des 18. Jahrhunderts.<\/p>\n\n\n\n<p>Wie w\u00fcrde, wie k\u00f6nnte ein Carl-Theodor heute aussehen? Das ist die Frage, die der Kunstverein stellt und an die K\u00fcnstlerinnen und K\u00fcnstler unserer Zeit weitergibt. Wie werden heute Herren dargestellt, die Verantwortung tragen und repr\u00e4sentieren m\u00fcssen, die ihre Macht, ihren Wohlstand zeigen wollen, aber auch ihr soziales Engagement, ihre wissenschaftlichen Interessen und die Liebe zu Kunst und Musik?<\/p>\n\n\n\n<p>So sucht der <em>Kunstverein Schwetzingen<\/em> Bilder und Skulpturen heutiger Herren, die im barocken Ambiente der von CT einst erbauten Schloss-Orangerie gezeigt werden. Es wird ein Katalog erscheinen. Bewerbungen mit Vita bitte an info@kunstverein-schwetzingen.de z. H. v. Dr. Dietmar Schuth. Einsendeschluss ist der 17. Mai 2024.<\/p>\n\n\n\n<p>Der Kunstverein \u00fcbernimmt alle Transportkosten, die Versicherung der Exponate von Nagel zu Nagel, die Erstellung aller Drucksachen und Internetauftritte, Werbung und \u00d6ffentlichkeitsarbeit. Jede\/r K\u00fcnstler\/in erh\u00e4lt Freiexemplare des Kataloges.<\/p>\n\n\n\n<figure class=\"wp-block-image size-large\"><img loading=\"lazy\" decoding=\"async\" width=\"867\" height=\"1024\" src=\"https:\/\/kunstverein-schwetzingen.de\/wp-content\/uploads\/2024\/02\/Karl_Theodor_von_Felix_Anton_Besold_1744-867x1024.jpg\" alt=\"\" class=\"wp-image-3009\" srcset=\"https:\/\/kunstverein-schwetzingen.de\/wp-content\/uploads\/2024\/02\/Karl_Theodor_von_Felix_Anton_Besold_1744-867x1024.jpg 867w, https:\/\/kunstverein-schwetzingen.de\/wp-content\/uploads\/2024\/02\/Karl_Theodor_von_Felix_Anton_Besold_1744-254x300.jpg 254w, https:\/\/kunstverein-schwetzingen.de\/wp-content\/uploads\/2024\/02\/Karl_Theodor_von_Felix_Anton_Besold_1744-127x150.jpg 127w, https:\/\/kunstverein-schwetzingen.de\/wp-content\/uploads\/2024\/02\/Karl_Theodor_von_Felix_Anton_Besold_1744-768x907.jpg 768w, https:\/\/kunstverein-schwetzingen.de\/wp-content\/uploads\/2024\/02\/Karl_Theodor_von_Felix_Anton_Besold_1744.jpg 1251w\" sizes=\"auto, (max-width: 867px) 100vw, 867px\" \/><\/figure>\n\n\n","protected":false},"excerpt":{"rendered":"<p>Ausschreibung zur Ausstellung des Kunstvereins Schwetzingen in der Orangerie Schloss Schwetzingen 7. Juni \u2013 7. Juli 2024 In diesem Jahr w\u00fcrde Kurf\u00fcrst Carl-Theodor seinen 300. Geburtstag feiern. Obwohl er ein absolutistischer Herrscher war, gilt er als guter Regent und Landesherr, der 50 Jahre lang die Pfalz und Bayern regierte und sich aus allen Kriegen heraushielt. [&hellip;]<\/p>\n","protected":false},"author":2,"featured_media":3010,"comment_status":"closed","ping_status":"closed","sticky":false,"template":"","format":"standard","meta":{"footnotes":""},"categories":[],"tags":[],"class_list":["post-3007","post","type-post","status-publish","format-standard","has-post-thumbnail","hentry"],"_links":{"self":[{"href":"https:\/\/kunstverein-schwetzingen.de\/index.php?rest_route=\/wp\/v2\/posts\/3007","targetHints":{"allow":["GET"]}}],"collection":[{"href":"https:\/\/kunstverein-schwetzingen.de\/index.php?rest_route=\/wp\/v2\/posts"}],"about":[{"href":"https:\/\/kunstverein-schwetzingen.de\/index.php?rest_route=\/wp\/v2\/types\/post"}],"author":[{"embeddable":true,"href":"https:\/\/kunstverein-schwetzingen.de\/index.php?rest_route=\/wp\/v2\/users\/2"}],"replies":[{"embeddable":true,"href":"https:\/\/kunstverein-schwetzingen.de\/index.php?rest_route=%2Fwp%2Fv2%2Fcomments&post=3007"}],"version-history":[{"count":3,"href":"https:\/\/kunstverein-schwetzingen.de\/index.php?rest_route=\/wp\/v2\/posts\/3007\/revisions"}],"predecessor-version":[{"id":3016,"href":"https:\/\/kunstverein-schwetzingen.de\/index.php?rest_route=\/wp\/v2\/posts\/3007\/revisions\/3016"}],"wp:featuredmedia":[{"embeddable":true,"href":"https:\/\/kunstverein-schwetzingen.de\/index.php?rest_route=\/wp\/v2\/media\/3010"}],"wp:attachment":[{"href":"https:\/\/kunstverein-schwetzingen.de\/index.php?rest_route=%2Fwp%2Fv2%2Fmedia&parent=3007"}],"wp:term":[{"taxonomy":"category","embeddable":true,"href":"https:\/\/kunstverein-schwetzingen.de\/index.php?rest_route=%2Fwp%2Fv2%2Fcategories&post=3007"},{"taxonomy":"post_tag","embeddable":true,"href":"https:\/\/kunstverein-schwetzingen.de\/index.php?rest_route=%2Fwp%2Fv2%2Ftags&post=3007"}],"curies":[{"name":"wp","href":"https:\/\/api.w.org\/{rel}","templated":true}]}}