{"id":3022,"date":"2024-05-20T15:15:31","date_gmt":"2024-05-20T13:15:31","guid":{"rendered":"https:\/\/kunstverein-schwetzingen.de\/?p=3022"},"modified":"2024-08-19T22:57:44","modified_gmt":"2024-08-19T20:57:44","slug":"herren-heute-300-jahre-carl-theodor","status":"publish","type":"post","link":"https:\/\/kunstverein-schwetzingen.de\/?p=3022","title":{"rendered":"Herren heute &#8211; 300 Jahre Carl Theodor"},"content":{"rendered":"\n<p>24 zeitgen\u00f6ssische K\u00fcnstlerInnen erinnern an den 300. Geburtstag von Kurf\u00fcrst Carl Theodor,<\/p>\n\n\n\n<p>gro\u00dfe Ausstellung in der Orangerie, 7.6. &#8211; 7.7. 24<\/p>\n\n\n\n<p>Einladung siehe hier:<\/p>\n\n\n\n<div data-wp-interactive=\"core\/file\" class=\"wp-block-file\"><object data-wp-bind--hidden=\"!state.hasPdfPreview\" hidden class=\"wp-block-file__embed\" data=\"https:\/\/kunstverein-schwetzingen.de\/wp-content\/uploads\/2024\/05\/EK-Carl-Theordor-hp.pdf\" type=\"application\/pdf\" style=\"width:100%;height:600px\" aria-label=\"Einbettung von EK-Carl-Theordor-hp.\"><\/object><a id=\"wp-block-file--media-e7fc9ee4-ead1-489e-a7ee-9808e925bcfb\" href=\"https:\/\/kunstverein-schwetzingen.de\/wp-content\/uploads\/2024\/05\/EK-Carl-Theordor-hp.pdf\">EK-Carl-Theordor-hp<\/a><a href=\"https:\/\/kunstverein-schwetzingen.de\/wp-content\/uploads\/2024\/05\/EK-Carl-Theordor-hp.pdf\" class=\"wp-block-file__button wp-element-button\" download aria-describedby=\"wp-block-file--media-e7fc9ee4-ead1-489e-a7ee-9808e925bcfb\">Herunterladen<\/a><\/div>\n","protected":false},"excerpt":{"rendered":"<p>24 zeitgen\u00f6ssische K\u00fcnstlerInnen erinnern an den 300. Geburtstag von Kurf\u00fcrst Carl Theodor, gro\u00dfe Ausstellung in der Orangerie, 7.6. &#8211; 7.7. 24 Einladung siehe hier:<\/p>\n","protected":false},"author":2,"featured_media":3026,"comment_status":"closed","ping_status":"closed","sticky":false,"template":"","format":"standard","meta":{"footnotes":""},"categories":[9],"tags":[],"class_list":["post-3022","post","type-post","status-publish","format-standard","has-post-thumbnail","hentry","category-rueckblick"],"_links":{"self":[{"href":"https:\/\/kunstverein-schwetzingen.de\/index.php?rest_route=\/wp\/v2\/posts\/3022","targetHints":{"allow":["GET"]}}],"collection":[{"href":"https:\/\/kunstverein-schwetzingen.de\/index.php?rest_route=\/wp\/v2\/posts"}],"about":[{"href":"https:\/\/kunstverein-schwetzingen.de\/index.php?rest_route=\/wp\/v2\/types\/post"}],"author":[{"embeddable":true,"href":"https:\/\/kunstverein-schwetzingen.de\/index.php?rest_route=\/wp\/v2\/users\/2"}],"replies":[{"embeddable":true,"href":"https:\/\/kunstverein-schwetzingen.de\/index.php?rest_route=%2Fwp%2Fv2%2Fcomments&post=3022"}],"version-history":[{"count":2,"href":"https:\/\/kunstverein-schwetzingen.de\/index.php?rest_route=\/wp\/v2\/posts\/3022\/revisions"}],"predecessor-version":[{"id":3027,"href":"https:\/\/kunstverein-schwetzingen.de\/index.php?rest_route=\/wp\/v2\/posts\/3022\/revisions\/3027"}],"wp:featuredmedia":[{"embeddable":true,"href":"https:\/\/kunstverein-schwetzingen.de\/index.php?rest_route=\/wp\/v2\/media\/3026"}],"wp:attachment":[{"href":"https:\/\/kunstverein-schwetzingen.de\/index.php?rest_route=%2Fwp%2Fv2%2Fmedia&parent=3022"}],"wp:term":[{"taxonomy":"category","embeddable":true,"href":"https:\/\/kunstverein-schwetzingen.de\/index.php?rest_route=%2Fwp%2Fv2%2Fcategories&post=3022"},{"taxonomy":"post_tag","embeddable":true,"href":"https:\/\/kunstverein-schwetzingen.de\/index.php?rest_route=%2Fwp%2Fv2%2Ftags&post=3022"}],"curies":[{"name":"wp","href":"https:\/\/api.w.org\/{rel}","templated":true}]}}