{"id":808,"date":"2018-08-31T13:45:18","date_gmt":"2018-08-31T11:45:18","guid":{"rendered":"https:\/\/kunstverein-schwetzingen.de\/?p=808"},"modified":"2018-11-01T01:41:38","modified_gmt":"2018-10-31T23:41:38","slug":"naechste-ausstellung-5","status":"publish","type":"post","link":"https:\/\/kunstverein-schwetzingen.de\/?p=808","title":{"rendered":"Weimer &#038; Weber"},"content":{"rendered":"<h2><em>Dialog der letzten Jahre<\/em><\/h2>\n<h5>im Palais Hirsch am Schlossplatz<\/h5>\n<p><span style=\"color: #000000; font-family: arial,helvetica,sans-serif; font-size: 10pt; text-decoration: none;\">Olga Weimer und Marcel Weber hatten zusammen an der Freien Kunstakademie <span class=\"cmp_parsed_location\" data-ce-class=\"Locations\" data-cmp_parsed_location_other=\"0\" data-cmp_parsed_location_weather=\"K08222000\" data-cmp_parsed_location_name=\"Mannheim\">Mannheim<\/span> studiert und fanden sich 2004 zu einem Duo zusammen, das fortan jedes Bild gemeinsam malte. Im letzten\u00a0Jahr ist Marcel Weber viel zu fr\u00fch verstorben. Der Kunstverein zeigt die zuvor\u00a0entstandenen Bilder, den Dialog der letzten Jahre. Es ist eine surrealistische Bildwelt, die durch ihre akademische Ausf\u00fchrung fasziniert. Bilder zwischen Stillleben, Landschaft und Vision erinnern an gro\u00dfe Vorbilder wie zum Beispiel Hieronymus Bosch, sind jedoch zeitgen\u00f6ssisch und entwerfen ein zeitkritisches Zerr- wie Spiegelbild unserer irrationalen Realit\u00e4t. Es erscheint ein Katalog.<\/span><\/p>\n<p>28. September &#8211; 21. Oktober 2018<\/p>\n<p>&nbsp;<\/p>\n<p><a href=\"https:\/\/kunstverein-schwetzingen.de\/wp-content\/uploads\/2018\/08\/Still-waiting.jpg\"><img loading=\"lazy\" decoding=\"async\" class=\"alignnone size-medium wp-image-809\" src=\"https:\/\/kunstverein-schwetzingen.de\/wp-content\/uploads\/2018\/08\/Still-waiting-234x300.jpg\" alt=\"Still waiting\" width=\"234\" height=\"300\" srcset=\"https:\/\/kunstverein-schwetzingen.de\/wp-content\/uploads\/2018\/08\/Still-waiting-234x300.jpg 234w, https:\/\/kunstverein-schwetzingen.de\/wp-content\/uploads\/2018\/08\/Still-waiting-800x1024.jpg 800w, https:\/\/kunstverein-schwetzingen.de\/wp-content\/uploads\/2018\/08\/Still-waiting.jpg 1066w\" sizes=\"auto, (max-width: 234px) 100vw, 234px\" \/><\/a><\/p>\n<p>&nbsp;<\/p>\n","protected":false},"excerpt":{"rendered":"<p>Dialog der letzten Jahre im Palais Hirsch am Schlossplatz Olga Weimer und Marcel Weber hatten zusammen an der Freien Kunstakademie Mannheim studiert und fanden sich 2004 zu einem Duo zusammen, das fortan jedes Bild gemeinsam malte. Im letzten\u00a0Jahr ist Marcel Weber viel zu fr\u00fch verstorben. Der Kunstverein zeigt die zuvor\u00a0entstandenen Bilder, den Dialog der letzten [&hellip;]<\/p>\n","protected":false},"author":2,"featured_media":809,"comment_status":"open","ping_status":"open","sticky":false,"template":"","format":"standard","meta":{"footnotes":""},"categories":[9],"tags":[],"class_list":["post-808","post","type-post","status-publish","format-standard","has-post-thumbnail","hentry","category-rueckblick"],"_links":{"self":[{"href":"https:\/\/kunstverein-schwetzingen.de\/index.php?rest_route=\/wp\/v2\/posts\/808","targetHints":{"allow":["GET"]}}],"collection":[{"href":"https:\/\/kunstverein-schwetzingen.de\/index.php?rest_route=\/wp\/v2\/posts"}],"about":[{"href":"https:\/\/kunstverein-schwetzingen.de\/index.php?rest_route=\/wp\/v2\/types\/post"}],"author":[{"embeddable":true,"href":"https:\/\/kunstverein-schwetzingen.de\/index.php?rest_route=\/wp\/v2\/users\/2"}],"replies":[{"embeddable":true,"href":"https:\/\/kunstverein-schwetzingen.de\/index.php?rest_route=%2Fwp%2Fv2%2Fcomments&post=808"}],"version-history":[{"count":6,"href":"https:\/\/kunstverein-schwetzingen.de\/index.php?rest_route=\/wp\/v2\/posts\/808\/revisions"}],"predecessor-version":[{"id":830,"href":"https:\/\/kunstverein-schwetzingen.de\/index.php?rest_route=\/wp\/v2\/posts\/808\/revisions\/830"}],"wp:featuredmedia":[{"embeddable":true,"href":"https:\/\/kunstverein-schwetzingen.de\/index.php?rest_route=\/wp\/v2\/media\/809"}],"wp:attachment":[{"href":"https:\/\/kunstverein-schwetzingen.de\/index.php?rest_route=%2Fwp%2Fv2%2Fmedia&parent=808"}],"wp:term":[{"taxonomy":"category","embeddable":true,"href":"https:\/\/kunstverein-schwetzingen.de\/index.php?rest_route=%2Fwp%2Fv2%2Fcategories&post=808"},{"taxonomy":"post_tag","embeddable":true,"href":"https:\/\/kunstverein-schwetzingen.de\/index.php?rest_route=%2Fwp%2Fv2%2Ftags&post=808"}],"curies":[{"name":"wp","href":"https:\/\/api.w.org\/{rel}","templated":true}]}}