{"id":833,"date":"2018-11-01T01:47:10","date_gmt":"2018-10-31T23:47:10","guid":{"rendered":"https:\/\/kunstverein-schwetzingen.de\/?p=833"},"modified":"2019-01-16T00:51:07","modified_gmt":"2019-01-15T22:51:07","slug":"naechste-ausstellung-6","status":"publish","type":"post","link":"https:\/\/kunstverein-schwetzingen.de\/?p=833","title":{"rendered":"Franziskus Wendels"},"content":{"rendered":"<h3><span style=\"color: #00ff00;\">switch<\/span><\/h3>\n<h3>Lichtinstallation in der Schlosskapelle<\/h3>\n<p>Vernissage am Freitag, den 30. November 2018 um 18:30 Uhr Laufzeit: 1.-16.12.18 \u00d6ffnungszeiten: Do-So 17-21 Uhr Parallel zum Kurpf\u00e4lzischen Weihnachtsmarkt pr\u00e4sentiert der Kunstverein Schwetzingen in der Schlosskapelle erneut eine Lichtinstallation. In diesem Jahr ist es der Maler Franziskus Wendels (*1960) aus K\u00f6ln, der sich in seinen Nachtst\u00fccken seit langem schon mit den Lichtern der Gro\u00dfstadt besch\u00e4ftigt und dabei existenzielle Gef\u00fchle der Einsamkeit und der Sehnsucht nach Geborgenheit evoziert. Licht wird als eine spirituelle Erfahrung deutlich, die der studierte Theologe Wendels hier reflektiert. Seit einigen Jahren schafft der Maler ganze Rauminstallationen, wie jetzt in der Schlosskapelle. Bei Licht ist eine Anh\u00e4ufung von Verpackungsmaterialien zu sehen, wie sie gerade an dem so konsumorientierten Heiligen Abend in jeder Familie in gro\u00dfem Ma\u00dfe anfallen. Diesen Abfall hat der K\u00fcnstler mit nachleuchtenden Phosphorfarben bemalt, die \u2013 wenn das Licht ausgeht \u2013 ein Gem\u00e4lde erkennbar machen, ein besinnliches Lichtermeer, das uns den wahren Sinn von Weihnachten wieder vor Augen f\u00fchren mag.<\/p>\n<p><a href=\"https:\/\/kunstverein-schwetzingen.de\/wp-content\/uploads\/2018\/11\/09_Machet-dem-Herrn-die-Wege-bereit-.jpg\"><img loading=\"lazy\" decoding=\"async\" class=\"alignnone size-medium wp-image-846\" src=\"https:\/\/kunstverein-schwetzingen.de\/wp-content\/uploads\/2018\/11\/09_Machet-dem-Herrn-die-Wege-bereit--256x300.jpg\" alt=\"09_Machet dem Herrn die Wege bereit -\" width=\"256\" height=\"300\" srcset=\"https:\/\/kunstverein-schwetzingen.de\/wp-content\/uploads\/2018\/11\/09_Machet-dem-Herrn-die-Wege-bereit--256x300.jpg 256w, https:\/\/kunstverein-schwetzingen.de\/wp-content\/uploads\/2018\/11\/09_Machet-dem-Herrn-die-Wege-bereit-.jpg 835w\" sizes=\"auto, (max-width: 256px) 100vw, 256px\" \/><\/a><\/p>\n<p>&#8222;Machet dem Herrn die Wege bereit&#8220;<\/p>\n<p><a href=\"https:\/\/kunstverein-schwetzingen.de\/wp-content\/uploads\/2018\/11\/04_Wie-gr\u00fcn-sind-deine-Bl\u00e4tter-.jpg\"><img loading=\"lazy\" decoding=\"async\" class=\"alignnone  wp-image-847\" src=\"https:\/\/kunstverein-schwetzingen.de\/wp-content\/uploads\/2018\/11\/04_Wie-gr\u00fcn-sind-deine-Bl\u00e4tter--223x300.jpg\" alt=\"04_Wie gr\u00fcn sind deine Bl\u00e4tter--\" width=\"219\" height=\"295\" srcset=\"https:\/\/kunstverein-schwetzingen.de\/wp-content\/uploads\/2018\/11\/04_Wie-gr\u00fcn-sind-deine-Bl\u00e4tter--223x300.jpg 223w, https:\/\/kunstverein-schwetzingen.de\/wp-content\/uploads\/2018\/11\/04_Wie-gr\u00fcn-sind-deine-Bl\u00e4tter--761x1024.jpg 761w, https:\/\/kunstverein-schwetzingen.de\/wp-content\/uploads\/2018\/11\/04_Wie-gr\u00fcn-sind-deine-Bl\u00e4tter-.jpg 827w\" sizes=\"auto, (max-width: 219px) 100vw, 219px\" \/><\/a><\/p>\n<p><span style=\"text-decoration: underline;\"><span style=\"color: #000000; text-decoration: underline;\"><a href=\"https:\/\/kunstverein-schwetzingen.de\/wp-content\/uploads\/2018\/11\/04_Wie-gr\u00fcn-sind-deine-Bl\u00e4tter-.jpg\"><span style=\"color: #000000; text-decoration: underline;\">&#8222;Wie gr\u00fcn sind deine Bl\u00e4tter&#8220;<\/span><\/a><\/span><\/span><\/p>\n<p>&nbsp;<\/p>\n<p>&nbsp;<\/p>\n","protected":false},"excerpt":{"rendered":"<p>switch Lichtinstallation in der Schlosskapelle Vernissage am Freitag, den 30. November 2018 um 18:30 Uhr Laufzeit: 1.-16.12.18 \u00d6ffnungszeiten: Do-So 17-21 Uhr Parallel zum Kurpf\u00e4lzischen Weihnachtsmarkt pr\u00e4sentiert der Kunstverein Schwetzingen in der Schlosskapelle erneut eine Lichtinstallation. In diesem Jahr ist es der Maler Franziskus Wendels (*1960) aus K\u00f6ln, der sich in seinen Nachtst\u00fccken seit langem schon [&hellip;]<\/p>\n","protected":false},"author":2,"featured_media":845,"comment_status":"open","ping_status":"open","sticky":false,"template":"","format":"standard","meta":{"footnotes":""},"categories":[9],"tags":[],"class_list":["post-833","post","type-post","status-publish","format-standard","has-post-thumbnail","hentry","category-rueckblick"],"_links":{"self":[{"href":"https:\/\/kunstverein-schwetzingen.de\/index.php?rest_route=\/wp\/v2\/posts\/833","targetHints":{"allow":["GET"]}}],"collection":[{"href":"https:\/\/kunstverein-schwetzingen.de\/index.php?rest_route=\/wp\/v2\/posts"}],"about":[{"href":"https:\/\/kunstverein-schwetzingen.de\/index.php?rest_route=\/wp\/v2\/types\/post"}],"author":[{"embeddable":true,"href":"https:\/\/kunstverein-schwetzingen.de\/index.php?rest_route=\/wp\/v2\/users\/2"}],"replies":[{"embeddable":true,"href":"https:\/\/kunstverein-schwetzingen.de\/index.php?rest_route=%2Fwp%2Fv2%2Fcomments&post=833"}],"version-history":[{"count":7,"href":"https:\/\/kunstverein-schwetzingen.de\/index.php?rest_route=\/wp\/v2\/posts\/833\/revisions"}],"predecessor-version":[{"id":854,"href":"https:\/\/kunstverein-schwetzingen.de\/index.php?rest_route=\/wp\/v2\/posts\/833\/revisions\/854"}],"wp:featuredmedia":[{"embeddable":true,"href":"https:\/\/kunstverein-schwetzingen.de\/index.php?rest_route=\/wp\/v2\/media\/845"}],"wp:attachment":[{"href":"https:\/\/kunstverein-schwetzingen.de\/index.php?rest_route=%2Fwp%2Fv2%2Fmedia&parent=833"}],"wp:term":[{"taxonomy":"category","embeddable":true,"href":"https:\/\/kunstverein-schwetzingen.de\/index.php?rest_route=%2Fwp%2Fv2%2Fcategories&post=833"},{"taxonomy":"post_tag","embeddable":true,"href":"https:\/\/kunstverein-schwetzingen.de\/index.php?rest_route=%2Fwp%2Fv2%2Ftags&post=833"}],"curies":[{"name":"wp","href":"https:\/\/api.w.org\/{rel}","templated":true}]}}