{"id":855,"date":"2019-01-16T00:56:50","date_gmt":"2019-01-15T22:56:50","guid":{"rendered":"https:\/\/kunstverein-schwetzingen.de\/?p=855"},"modified":"2019-04-23T17:32:06","modified_gmt":"2019-04-23T15:32:06","slug":"naechste-ausstellung-7","status":"publish","type":"post","link":"https:\/\/kunstverein-schwetzingen.de\/?p=855","title":{"rendered":"Gerhard Rie\u00dfbeck: Au\u00dfenposten"},"content":{"rendered":"<p>1. &#8211; 24. M\u00e4rz 2019<\/p>\n<p>Der 1964 geborene Maler Gerhard Rie\u00dfbeck studierte Kunst an der Akademie der Bildenden K\u00fcnste N\u00fcrnberg und lebt heute in Bad Winds-heim\/Franken. Seit Mitte der 1990er Jahre zieht es ihn auf zahlreichen Reisen immer wieder in den Norden &#8211; nach Island, Spitzbergen oder Gr\u00f6nland. Hier vertiefen sich auf langen Wanderungen arktische Landschaftseindr\u00fccke in ihren besonderen Lichtstimmungen. Zu Hau-se im Atelier entstehen so meist menschenleere Winterlandschaften in einem naturgem\u00e4\u00df k\u00fchlen Kolorit, die von Einsamkeit und einer durchaus romantischen Weltflucht erz\u00e4hlen. Hinzu treten surreale und abstrakte Motive, die die reine Naturschilderung \u00fcberwinden und die Bilder sehr geheimnisvoll erscheinen lassen.<\/p>\n<p>&nbsp;<\/p>\n","protected":false},"excerpt":{"rendered":"<p>1. &#8211; 24. M\u00e4rz 2019 Der 1964 geborene Maler Gerhard Rie\u00dfbeck studierte Kunst an der Akademie der Bildenden K\u00fcnste N\u00fcrnberg und lebt heute in Bad Winds-heim\/Franken. Seit Mitte der 1990er Jahre zieht es ihn auf zahlreichen Reisen immer wieder in den Norden &#8211; nach Island, Spitzbergen oder Gr\u00f6nland. Hier vertiefen sich auf langen Wanderungen arktische [&hellip;]<\/p>\n","protected":false},"author":2,"featured_media":856,"comment_status":"open","ping_status":"open","sticky":false,"template":"","format":"standard","meta":{"footnotes":""},"categories":[9],"tags":[],"class_list":["post-855","post","type-post","status-publish","format-standard","has-post-thumbnail","hentry","category-rueckblick"],"_links":{"self":[{"href":"https:\/\/kunstverein-schwetzingen.de\/index.php?rest_route=\/wp\/v2\/posts\/855","targetHints":{"allow":["GET"]}}],"collection":[{"href":"https:\/\/kunstverein-schwetzingen.de\/index.php?rest_route=\/wp\/v2\/posts"}],"about":[{"href":"https:\/\/kunstverein-schwetzingen.de\/index.php?rest_route=\/wp\/v2\/types\/post"}],"author":[{"embeddable":true,"href":"https:\/\/kunstverein-schwetzingen.de\/index.php?rest_route=\/wp\/v2\/users\/2"}],"replies":[{"embeddable":true,"href":"https:\/\/kunstverein-schwetzingen.de\/index.php?rest_route=%2Fwp%2Fv2%2Fcomments&post=855"}],"version-history":[{"count":3,"href":"https:\/\/kunstverein-schwetzingen.de\/index.php?rest_route=\/wp\/v2\/posts\/855\/revisions"}],"predecessor-version":[{"id":867,"href":"https:\/\/kunstverein-schwetzingen.de\/index.php?rest_route=\/wp\/v2\/posts\/855\/revisions\/867"}],"wp:featuredmedia":[{"embeddable":true,"href":"https:\/\/kunstverein-schwetzingen.de\/index.php?rest_route=\/wp\/v2\/media\/856"}],"wp:attachment":[{"href":"https:\/\/kunstverein-schwetzingen.de\/index.php?rest_route=%2Fwp%2Fv2%2Fmedia&parent=855"}],"wp:term":[{"taxonomy":"category","embeddable":true,"href":"https:\/\/kunstverein-schwetzingen.de\/index.php?rest_route=%2Fwp%2Fv2%2Fcategories&post=855"},{"taxonomy":"post_tag","embeddable":true,"href":"https:\/\/kunstverein-schwetzingen.de\/index.php?rest_route=%2Fwp%2Fv2%2Ftags&post=855"}],"curies":[{"name":"wp","href":"https:\/\/api.w.org\/{rel}","templated":true}]}}